{"id":4938,"date":"2025-04-26T14:13:34","date_gmt":"2025-04-26T14:13:34","guid":{"rendered":"https:\/\/zanis.eu\/?p=4938"},"modified":"2025-04-26T14:16:20","modified_gmt":"2025-04-26T14:16:20","slug":"%f0%9f%8f%96%ef%b8%8f-5-days-in-torrevieja-and-beyond-sun-history-nature-tapas","status":"publish","type":"post","link":"https:\/\/zanis.eu\/hu\/%f0%9f%8f%96%ef%b8%8f-5-days-in-torrevieja-and-beyond-sun-history-nature-tapas\/","title":{"rendered":"5 nap Torreviej\u00e1ban \u00e9s k\u00f6rny\u00e9k\u00e9n \u2013 Naps\u00fct\u00e9s, t\u00f6rt\u00e9nelem, term\u00e9szet \u00e9s tapas"},"content":{"rendered":"<h1 class=\"\" data-start=\"189\" data-end=\"257\">5 nap Torreviej\u00e1ban \u00e9s k\u00f6rny\u00e9k\u00e9n \u2013 Naps\u00fct\u00e9s, t\u00f6rt\u00e9nelem, term\u00e9szet \u00e9s tapas<\/h1>\n<p class=\"\" data-start=\"259\" data-end=\"505\">Ha az \u00e1lomnyaral\u00e1sodhoz hozz\u00e1tartoznak a krist\u00e1lytiszta strandok, b\u00e1jos spanyol v\u00e1rosk\u00e1k, l\u00e9legzetel\u00e1ll\u00edt\u00f3 term\u00e9szeti csod\u00e1k \u00e9s \u00ednycsikland\u00f3 tapasok, ez az 5 napos \u00fatiterv neked sz\u00f3l. Torrevieja remek kiindul\u00f3pont a Costa Blanca kincseinek felfedez\u00e9s\u00e9hez.<\/p>\n<hr class=\"\" data-start=\"507\" data-end=\"510\" \/>\n<h2 class=\"\" data-start=\"512\" data-end=\"586\">\u2600\ufe0f 1. nap: \u00c9rkez\u00e9s Torreviej\u00e1ba \u2013 Strandol\u00e1s \u00e9s naplemente s\u00e9ta Cabo Roigban<\/h2>\n<p class=\"\" data-start=\"588\" data-end=\"820\"><strong data-start=\"588\" data-end=\"602\">D\u00e9lut\u00e1n:<\/strong><br data-start=\"602\" data-end=\"605\" \/>\u00c9rkez\u00e9s \u00e9s a sz\u00e1ll\u00e1s elfoglal\u00e1sa ut\u00e1n ir\u00e1ny a torreviejai strandra! <strong data-start=\"715\" data-end=\"733\">Playa del Cura<\/strong> vagy <strong data-start=\"737\" data-end=\"759\">Playa de Los Locos<\/strong> t\u00f6k\u00e9letes v\u00e1laszt\u00e1s egy d\u00e9lut\u00e1ni f\u00fcrd\u00e9shez \u00e9s napoz\u00e1shoz.<\/p>\n<p class=\"\" data-start=\"822\" data-end=\"1021\"><strong data-start=\"822\" data-end=\"843\">Esti program:<\/strong><br data-start=\"843\" data-end=\"846\" \/>S\u00e9t\u00e1lj v\u00e9gig a <strong data-start=\"870\" data-end=\"893\">Cabo Roig s\u00e9t\u00e1nyon,<\/strong>amely p\u00e1lmaf\u00e1kkal szeg\u00e9lyezett, gy\u00f6ny\u00f6r\u0171 kil\u00e1t\u00e1st ny\u00fajt a tengerre. Gyerekbar\u00e1t \u00e9s babakocsival is j\u00e1rhat\u00f3.<\/p>\n<p class=\"\" data-start=\"1023\" data-end=\"1317\"><strong data-start=\"1023\" data-end=\"1038\">Vacsorajavaslat:<\/strong><br data-start=\"1038\" data-end=\"1041\" \/>Kezdd az est\u00e9t egy finom vacsor\u00e1val \u00e9s egy kancs\u00f3 sangri\u00e1val a <strong data-start=\"1112\" data-end=\"1276\"><a target=\"_new\" rel=\"noopener\" data-start=\"1114\" data-end=\"1274\">La Mirada \u00e9tteremben<\/a><\/strong>, k\u00f6zvetlen\u00fcl a <strong data-start=\"1295\" data-end=\"1316\">Playa de La Zeni\u00e1n.<\/strong>.<\/p>\n<p data-start=\"1023\" data-end=\"1317\"><img decoding=\"async\" src=\"https:\/\/hanssonhertzell.se\/\/media\/images\/news\/thumbnails\/o_1gve7lfnt134su3vlj01a4oii18_w_1440x900.jpg\" \/><\/p>\n<hr class=\"\" data-start=\"1319\" data-end=\"1322\" \/>\n<h2 class=\"\" data-start=\"1324\" data-end=\"1395\">\ud83d\ude97 2. nap: Kir\u00e1ndul\u00e1s Alte\u00e1ba, Guadalestbe \u00e9s a Fonts de l\u2019Algar v\u00edzes\u00e9sekhez<\/h2>\n<h3 class=\"\" data-start=\"1397\" data-end=\"1441\">\ud83d\udccd Altea \u2013 Feh\u00e9rre meszelt sz\u00e9ps\u00e9g a tengerparton<\/h3>\n<p class=\"\" data-start=\"1443\" data-end=\"1624\">Indulj kor\u00e1n, hogy min\u00e9l t\u00f6bbet l\u00e1thass! Altea egy k\u00e9peslapra ill\u0151 tengerparti v\u00e1ros, macskak\u00f6ves utc\u00e1kkal, k\u00e9zm\u0171ves boltokkal \u00e9s ikonikus <strong data-start=\"1588\" data-end=\"1609\">k\u00e9k kupol\u00e1s templom\u00e1val<\/strong> a domb tetej\u00e9n.<\/p>\n<p class=\"\" data-start=\"1626\" data-end=\"2161\"><strong data-start=\"1626\" data-end=\"1642\">Parkol\u00e1si tipp:<\/strong><br data-start=\"1642\" data-end=\"1645\" \/>Ker\u00fcld el a belv\u00e1rost, \u00e9s parkolj a <strong data-start=\"1676\" data-end=\"1901\"><a target=\"_new\" rel=\"noopener\" data-start=\"1678\" data-end=\"1899\">Pizza Party Altea<\/a><\/strong> k\u00f6zel\u00e9ben \u2013 onnan k\u00f6nny\u0171 els\u00e9t\u00e1lni az \u00f3v\u00e1rosba.<br data-start=\"1949\" data-end=\"1952\" \/>\ud83d\udc49 <a target=\"_new\" rel=\"noopener\" data-start=\"1955\" data-end=\"2161\">Santa Maria del Consol d\u2019Altea Templom<\/a><\/p>\n<p class=\"\" data-start=\"2163\" data-end=\"2433\"><strong data-start=\"2163\" data-end=\"2178\">\u00c9des meg\u00e1ll\u00f3:<\/strong><br data-start=\"2178\" data-end=\"2181\" \/>Miel\u0151tt visszamenn\u00e9l az aut\u00f3hoz, t\u00e9rj be a <strong data-start=\"2224\" data-end=\"2386\"><a target=\"_new\" rel=\"noopener\" data-start=\"2226\" data-end=\"2384\">De Sabors<\/a><\/strong> cukr\u00e1szd\u00e1ba egy mennyei s\u00fctem\u00e9nyre vagy k\u00e9zm\u0171ves fagyira.<\/p>\n<p data-start=\"2163\" data-end=\"2433\"><img decoding=\"async\" src=\"https:\/\/hips.hearstapps.com\/hmg-prod\/images\/elle-altea-que-ver-1594674653.jpg\" \/><\/p>\n<h3 class=\"\" data-start=\"2435\" data-end=\"2485\">Guadalest \u2013 K\u00f6z\u00e9pkori gy\u00f6ngyszem a hegyek k\u00f6z\u00f6tt<\/h3>\n<p class=\"\" data-start=\"2487\" data-end=\"2709\">Ez az alig 200 f\u0151s hegyi falu Spanyolorsz\u00e1g egyik rejtett kincse. F\u0151 l\u00e1tv\u00e1nyoss\u00e1ga <strong data-start=\"2607\" data-end=\"2631\">Castell de Guadalest<\/strong>, ahonnan pazar kil\u00e1t\u00e1s ny\u00edlik a hegyekre \u00e9s a t\u00fcrkizk\u00e9k v\u00edzt\u00e1roz\u00f3ra.<\/p>\n<p class=\"\" data-start=\"2711\" data-end=\"3016\"><strong data-start=\"2711\" data-end=\"2727\">Parkol\u00e1si tipp:<\/strong><br data-start=\"2727\" data-end=\"2730\" \/>A falu bej\u00e1rat\u00e1n\u00e1l egy nagy fizet\u0151s parkol\u00f3 tal\u00e1lhat\u00f3 (2\u202f\u20ac), ahol egy helyi alkalmazott seg\u00edt az eligazod\u00e1sban.<br data-start=\"2833\" data-end=\"2836\" \/>\ud83d\udc49 <a target=\"_new\" rel=\"noopener\" data-start=\"2839\" data-end=\"3016\">Castell de Guadalest<\/a><\/p>\n<p data-start=\"2711\" data-end=\"3016\"><img decoding=\"async\" src=\"https:\/\/www.servigroup.com\/assets\/cache\/uploads\/gallery\/proposals\/excursiones\/guadalest\/1280x720\/guadalest-panoramica.jpg\" \/><\/p>\n<h3 class=\"\" data-start=\"3018\" data-end=\"3070\">\ud83d\udca6 Fonts de l\u2019Algar \u2013 V\u00edzes\u00e9sek \u00e9s term\u00e9szetes medenc\u00e9k<\/h3>\n<p class=\"\" data-start=\"3072\" data-end=\"3189\">Z\u00e1rd a napot a <strong data-start=\"3091\" data-end=\"3111\">Fonts de l\u2019Algar<\/strong>v\u00edzes\u00e9sein\u00e9l, ahol term\u00e9szetes medenc\u00e9kben h\u0171s\u00f6lhetsz.<\/p>\n<p class=\"\" data-start=\"3191\" data-end=\"3535\"><strong data-start=\"3191\" data-end=\"3207\">Parkol\u00e1si tipp:<\/strong><br data-start=\"3207\" data-end=\"3210\" \/>Menj tov\u00e1bb az els\u0151 parkol\u00f3kon t\u00fal \u2013 k\u00f6zelebb is tal\u00e1lsz lehet\u0151s\u00e9geket a bej\u00e1rathoz. A parkol\u00e1s 2\u20135\u202f\u20ac <strong data-start=\"3327\" data-end=\"3340\">csak k\u00e9szp\u00e9nzes fizet\u00e9ssel.<\/strong>.<br data-start=\"3341\" data-end=\"3344\" \/>\ud83d\udc49 <a target=\"_new\" rel=\"noopener\" data-start=\"3347\" data-end=\"3535\">Fonts de l\u2019Algar<\/a><\/p>\n<p class=\"\" data-start=\"3537\" data-end=\"3588\">A bel\u00e9p\u0151 kb. 4\u202f\u20ac\/f\u0151.<\/p>\n<p data-start=\"3537\" data-end=\"3588\"><img decoding=\"async\" src=\"https:\/\/www.granalacantadvertiser.com\/wp-content\/uploads\/2016\/03\/FONTS-DEL-ALGAR-PIX.jpg\" \/><\/p>\n<hr class=\"\" data-start=\"3590\" data-end=\"3593\" \/>\n<h2 class=\"\" data-start=\"3595\" data-end=\"3662\">\u2693 3. nap: Cartagena \u2013 R\u00f3mai romok, k\u00e1v\u00e9kult\u00fara \u00e9s nyugodt tengerpart<\/h2>\n<p class=\"\" data-start=\"3664\" data-end=\"3765\">Cartagena egy gy\u00f6ny\u00f6r\u0171 kik\u00f6t\u0151v\u00e1ros m\u00e9ly r\u00f3mai gy\u00f6kerekkel \u00e9s kevesebb turist\u00e1val.<\/p>\n<p class=\"\" data-start=\"3767\" data-end=\"3878\"><strong data-start=\"3767\" data-end=\"3783\">Parkol\u00e1si tipp:<\/strong><br data-start=\"3783\" data-end=\"3786\" \/>Haszn\u00e1lj f\u00f6ldalatti parkol\u00f3t \u2013 az utcai parkol\u00e1s neh\u00e9zkes, \u00edgy id\u0151t \u00e9s idegesked\u00e9st sp\u00f3rolhatsz<\/p>\n<p class=\"\" data-start=\"3880\" data-end=\"3901\"><strong data-start=\"3880\" data-end=\"3899\">Kihagyhatatlan helyek:<\/strong><\/p>\n<ul data-start=\"3902\" data-end=\"4420\">\n<li class=\"\" data-start=\"3902\" data-end=\"4070\">\n<p class=\"\" data-start=\"3904\" data-end=\"4070\"><strong data-start=\"3904\" data-end=\"4026\"><a target=\"_new\" rel=\"noopener\" data-start=\"3906\" data-end=\"4024\">\u2022\tR\u00f3mai Sz\u00ednh\u00e1z<\/a><\/strong> \u2013 a v\u00e1ros egyik legismertebb nevezetess\u00e9ge<\/p>\n<\/li>\n<li class=\"\" data-start=\"4071\" data-end=\"4166\">\n<p class=\"\" data-start=\"4073\" data-end=\"4166\"><strong data-start=\"4073\" data-end=\"4131\"><a class=\"\" href=\"https:\/\/www.instagram.com\/cafelab_ct\/?hl=en\" target=\"_new\" rel=\"noopener\" data-start=\"4075\" data-end=\"4129\">Caf\u00e9Lab<\/a><\/strong> \u2013 trendi, min\u0151s\u00e9gi k\u00e1v\u00e9z\u00f3<\/p>\n<\/li>\n<li class=\"\" data-start=\"4167\" data-end=\"4420\">\n<p class=\"\" data-start=\"4169\" data-end=\"4420\"><strong data-start=\"4169\" data-end=\"4287\"><a target=\"_new\" rel=\"noopener\" data-start=\"4171\" data-end=\"4285\">Cala Cortina<\/a><\/strong> \u2013 kavicsos strand, ide\u00e1lis b\u00fav\u00e1rkod\u00e1shoz. Nincs mobilh\u00e1l\u00f3zat, \u00edgy t\u00f6k\u00e9letes digit\u00e1lis detox hely.<\/p>\n<\/li>\n<li data-start=\"4167\" data-end=\"4420\"><img decoding=\"async\" src=\"https:\/\/encrypted-tbn1.gstatic.com\/licensed-image?q=tbn:ANd9GcRpP15OPH4XwOOia2FkUgdCMPce6z4teVDoi12TzdubK2Eiea3Ejcw5nGGp5s4twjp-6jWQVMyyE7xTpBFdWTJwMVRGLsOP4Qg2p-Q7RJw\" \/><\/li>\n<\/ul>\n<hr class=\"\" data-start=\"4422\" data-end=\"4425\" \/>\n<h2 class=\"\" data-start=\"4427\" data-end=\"4495\">\ud83c\udf3f 4. nap: Laz\u00edt\u00e1s Torreviej\u00e1ban \u2013 R\u00f3zsasz\u00edn tavak, helyi piac \u00e9s tapas<\/h2>\n<p class=\"\" data-start=\"4497\" data-end=\"4576\">P\u00e1r s\u0171r\u0171 nap ut\u00e1n ideje lelassulni, \u00e9s \u00e9lvezni Torrevieja nyugalm\u00e1t.<\/p>\n<ul data-start=\"4578\" data-end=\"4858\">\n<li class=\"\" data-start=\"4578\" data-end=\"4677\">\n<p class=\"\" data-start=\"4580\" data-end=\"4677\"><strong data-start=\"4580\" data-end=\"4599\">\u2022\tR\u00f3zsasz\u00edn s\u00f3s tavak<\/strong> (Laguna Salada de Torrevieja) \u2013 h\u00edres \u00e9l\u00e9nk sz\u00edn\u00fckr\u0151l \u00e9s flaming\u00f3ikr\u00f3l<\/p>\n<\/li>\n<li class=\"\" data-start=\"4678\" data-end=\"4757\">\n<p class=\"\" data-start=\"4680\" data-end=\"4757\"><strong data-start=\"4680\" data-end=\"4696\">\u2022\tHelyi piac<\/strong> \u2013 friss term\u00e9kek \u00e9s szuven\u00edrek<\/p>\n<\/li>\n<li class=\"\" data-start=\"4758\" data-end=\"4858\">\n<p class=\"\" data-start=\"4760\" data-end=\"4858\"><strong data-start=\"4760\" data-end=\"4779\">Tapas &amp; sangria<\/strong> \u2013 \u00e9lvezd az \u00edzeket egy tengerparti <strong data-start=\"4831\" data-end=\"4846\">chiringuit\u00f3ban<\/strong> (strandb\u00e1rban)<\/p>\n<\/li>\n<li data-start=\"4758\" data-end=\"4858\"><img decoding=\"async\" src=\"https:\/\/wtgspain.com\/uploads\/userfiles\/Torrevieja_9_1686820498.webp\" \/><\/li>\n<\/ul>\n<hr class=\"\" data-start=\"4860\" data-end=\"4863\" \/>\n<h2 class=\"\" data-start=\"4865\" data-end=\"4934\">\ud83c\udfd9\ufe0f 5. nap: Alicante \u2013 V\u00e1rpanor\u00e1ma, tengerparti s\u00e9t\u00e1ny \u00e9s fagyi<\/h2>\n<p class=\"\" data-start=\"4936\" data-end=\"5052\">Alicante egy pezsg\u0151 tengerparti v\u00e1ros, ahol a t\u00f6rt\u00e9nelem, kult\u00fara, kil\u00e1t\u00e1s \u00e9s gasztron\u00f3mia mind megtal\u00e1lhat\u00f3.<\/p>\n<p class=\"\" data-start=\"5054\" data-end=\"5273\"><strong data-start=\"5054\" data-end=\"5070\">Parkol\u00e1si tipp:<\/strong><br data-start=\"5070\" data-end=\"5073\" \/>\ud83d\udc49 <a target=\"_new\" rel=\"noopener\" data-start=\"5076\" data-end=\"5273\">\ud83d\udc49 La Montanyeta f\u00f6ldalatti parkol\u00f3<\/a><\/p>\n<p class=\"\" data-start=\"5275\" data-end=\"5304\"><strong data-start=\"5275\" data-end=\"5302\">L\u00e1tnival\u00f3k:<\/strong><\/p>\n<ul data-start=\"5305\" data-end=\"5764\">\n<li class=\"\" data-start=\"5305\" data-end=\"5493\">\n<p class=\"\" data-start=\"5307\" data-end=\"5493\"><strong data-start=\"5307\" data-end=\"5438\"><a class=\"\" href=\"https:\/\/www.instagram.com\/explore\/locations\/103259727343589\/la-casita-de-las-macetas-azules\/\" target=\"_new\" rel=\"noopener\" data-start=\"5309\" data-end=\"5436\">La Casita de las Macetas Azules<\/a><\/strong> \u2013 rejtett kis utc\u00e1cska k\u00e9k vir\u00e1gcserepekkel, Instagram-kedvenc<\/p>\n<\/li>\n<li class=\"\" data-start=\"5494\" data-end=\"5604\">\n<p class=\"\" data-start=\"5496\" data-end=\"5604\"><strong data-start=\"5496\" data-end=\"5525\">Castillo de Santa B\u00e1rbara<\/strong> \u2013 Eur\u00f3pa egyik legnagyobb k\u00f6z\u00e9pkori v\u00e1ra, leny\u0171g\u00f6z\u0151 kil\u00e1t\u00e1ssal<\/p>\n<\/li>\n<li class=\"\" data-start=\"5605\" data-end=\"5689\">\n<p class=\"\" data-start=\"5607\" data-end=\"5689\">S\u00e9t\u00e1lj <strong data-start=\"5624\" data-end=\"5647\">Explanada de Espa\u00f1a<\/strong>\u2013 h\u00edres p\u00e1lmaf\u00e1s s\u00e9t\u00e1nyon a part ment\u00e9n<\/p>\n<\/li>\n<li class=\"\" data-start=\"5690\" data-end=\"5764\">\n<p class=\"\" data-start=\"5692\" data-end=\"5764\">Ne hagyd ki a <strong data-start=\"5725\" data-end=\"5749\">Helader\u00eda Borgonesse<\/strong> fagylaltoz\u00f3t \u2013 ikonikus hely, fantasztikus \u00edzekkel.<\/p>\n<\/li>\n<li data-start=\"5690\" data-end=\"5764\"><img decoding=\"async\" src=\"https:\/\/www.barcelo.com\/guia-turismo\/wp-content\/uploads\/que-visitar-en-alicante.jpg\" \/><\/li>\n<\/ul>\n<hr class=\"\" data-start=\"5766\" data-end=\"5769\" \/>\n<p class=\"\" data-start=\"5771\" data-end=\"5961\">Ak\u00e1r p\u00e1rban, bar\u00e1tokkal vagy csal\u00e1ddal utazol, ez az 5 napos kaland t\u00f6k\u00e9letes egyens\u00falyt k\u00edn\u00e1l strandol\u00e1s, kult\u00fara, gasztron\u00f3mia \u00e9s felejthetetlen \u00e9lm\u00e9nyek k\u00f6z\u00f6tt.<\/p>","protected":false},"excerpt":{"rendered":"<p>\ud83c\udfd6\ufe0f 5 Days in Torrevieja and Beyond \u2013 Sun, History, Nature &amp; Tapas If your dream holiday includes crystal-clear beaches, charming Spanish towns, breathtaking natural wonders, and delicious tapas, this 5-day itinerary is just for you. Torrevieja is a fantastic base to explore the many gems along the Costa Blanca. \u2600\ufe0f Day 1: Arrival in &hellip; <\/p>\n<p class=\"link-more\"><a href=\"https:\/\/zanis.eu\/hu\/%f0%9f%8f%96%ef%b8%8f-5-days-in-torrevieja-and-beyond-sun-history-nature-tapas\/\" class=\"more-link\">Read More <span class=\"screen-reader-text\"> &#8220;\ud83c\udfd6\ufe0f 5 Days in Torrevieja and Beyond \u2013 Sun, History, Nature &#038; Tapas&#8221;<\/span><\/a><\/p>","protected":false},"author":3,"featured_media":4819,"comment_status":"open","ping_status":"open","sticky":false,"template":"","format":"standard","meta":{"_acf_changed":false,"inline_featured_image":false,"footnotes":""},"categories":[1],"tags":[],"class_list":["post-4938","post","type-post","status-publish","format-standard","has-post-thumbnail","hentry","category-uncategorized"],"acf":[],"_links":{"self":[{"href":"https:\/\/zanis.eu\/hu\/wp-json\/wp\/v2\/posts\/4938","targetHints":{"allow":["GET"]}}],"collection":[{"href":"https:\/\/zanis.eu\/hu\/wp-json\/wp\/v2\/posts"}],"about":[{"href":"https:\/\/zanis.eu\/hu\/wp-json\/wp\/v2\/types\/post"}],"author":[{"embeddable":true,"href":"https:\/\/zanis.eu\/hu\/wp-json\/wp\/v2\/users\/3"}],"replies":[{"embeddable":true,"href":"https:\/\/zanis.eu\/hu\/wp-json\/wp\/v2\/comments?post=4938"}],"version-history":[{"count":1,"href":"https:\/\/zanis.eu\/hu\/wp-json\/wp\/v2\/posts\/4938\/revisions"}],"predecessor-version":[{"id":4939,"href":"https:\/\/zanis.eu\/hu\/wp-json\/wp\/v2\/posts\/4938\/revisions\/4939"}],"wp:featuredmedia":[{"embeddable":true,"href":"https:\/\/zanis.eu\/hu\/wp-json\/wp\/v2\/media\/4819"}],"wp:attachment":[{"href":"https:\/\/zanis.eu\/hu\/wp-json\/wp\/v2\/media?parent=4938"}],"wp:term":[{"taxonomy":"category","embeddable":true,"href":"https:\/\/zanis.eu\/hu\/wp-json\/wp\/v2\/categories?post=4938"},{"taxonomy":"post_tag","embeddable":true,"href":"https:\/\/zanis.eu\/hu\/wp-json\/wp\/v2\/tags?post=4938"}],"curies":[{"name":"wp","href":"https:\/\/api.w.org\/{rel}","templated":true}]}}